{"id":7373,"date":"2025-08-19T11:43:00","date_gmt":"2025-08-19T11:43:00","guid":{"rendered":"https:\/\/sandbox.hbmadvisory.com\/amplify\/stig-orskov-to-lead-wan-ifra-as-vincent-peyregne-steps-down\/"},"modified":"2025-08-19T11:50:06","modified_gmt":"2025-08-19T11:50:06","slug":"stig-orskov-to-lead-wan-ifra-as-vincent-peyregne-steps-down","status":"publish","type":"post","link":"https:\/\/sandbox.hbmadvisory.com\/amplify\/stig-orskov-to-lead-wan-ifra-as-vincent-peyregne-steps-down\/","title":{"rendered":"Stig \u00d8rskov to lead WAN-IFRA as Vincent Peyr\u00e8gne steps down"},"content":{"rendered":"<p><\/p>\n<div>\n<p>WAN-IFRA has appointed Stig \u00d8rskov as its next chief executive, succeeding Vincent Peyr\u00e8gne, who is stepping down after more than a decade leading the global association of news publishers. <\/p>\n<p>\u00d8rskov, currently CEO of JP\/Politiken Media Group in Denmark and vice-president of WAN-IFRA, will take over in early 2026.<\/p>\n<p>Peyr\u00e8gne, who became CEO in 2012, is credited with stabilising WAN-IFRA\u2019s finances, expanding its membership base and strengthening its role as an advocate for press freedom, digital transformation and business sustainability. He will remain with the organisation as senior strategic advisor to support the transition.<\/p>\n<p>\u201cThis is an exciting new chapter for WAN-IFRA. I am proud of what we have achieved thanks to an exceptionally committed team and supportive Board members,\u201d said Peyr\u00e8gne. \u201cIt is an honour to pass the torch to Stig \u00d8rskov, a remarkable manager with an impressive track record who will take WAN-IFRA to a new level.\u201d<\/p>\n<p>Ladina Heimgartner, chairwoman of WAN-IFRA and CEO of Ringier Media Switzerland, praised Peyr\u00e8gne\u2019s contribution and welcomed \u00d8rskov\u2019s appointment. \u201cStig\u2019s visionary leadership, deep understanding of the media industry, and commitment to journalistic values make him the ideal candidate to steer WAN-IFRA in a rapidly evolving media landscape,\u201d she said.<\/p>\n<p>\u00d8rskov, who has led JP\/Politiken Media Group since 2014 and served WAN-IFRA as vice-president for six years, said he was \u201cdeeply honoured and excited\u201d to take on the role. <\/p>\n<p>\u201cOur industry faces unprecedented challenges and opportunities,\u201d he said. \u201cWe will defend press freedom and safeguard the public trust in journalism while supporting our members in building the future of news media on the foundation of innovation and creativity that define the spirit of our global community.\u201d<\/p>\n<p>The transition marks a significant moment for WAN-IFRA, which represents thousands of news publishers worldwide. \u00d8rskov\u2019s appointment is expected to accelerate the organisation\u2019s strategic focus on innovation, collaboration and resilience as news media adapts to turbulent times.<\/p>\n<\/p><\/div>\n","protected":false},"excerpt":{"rendered":"<p>WAN-IFRA has appointed Stig \u00d8rskov as its next chief executive, succeeding Vincent Peyr\u00e8gne, who is stepping down after more than a decade leading the global association of news publishers. \u00d8rskov, currently CEO of JP\/Politiken Media Group in Denmark and vice-president of WAN-IFRA, will take over in early 2026. Peyr\u00e8gne, who became CEO in 2012, is<\/p>\n","protected":false},"author":1,"featured_media":7374,"comment_status":"open","ping_status":"open","sticky":false,"template":"","format":"standard","meta":{"footnotes":""},"categories":[118],"tags":[],"class_list":{"0":"post-7373","1":"post","2":"type-post","3":"status-publish","4":"format-standard","5":"has-post-thumbnail","7":"category-publishing-news"},"amp_enabled":true,"_links":{"self":[{"href":"https:\/\/sandbox.hbmadvisory.com\/amplify\/wp-json\/wp\/v2\/posts\/7373","targetHints":{"allow":["GET"]}}],"collection":[{"href":"https:\/\/sandbox.hbmadvisory.com\/amplify\/wp-json\/wp\/v2\/posts"}],"about":[{"href":"https:\/\/sandbox.hbmadvisory.com\/amplify\/wp-json\/wp\/v2\/types\/post"}],"author":[{"embeddable":true,"href":"https:\/\/sandbox.hbmadvisory.com\/amplify\/wp-json\/wp\/v2\/users\/1"}],"replies":[{"embeddable":true,"href":"https:\/\/sandbox.hbmadvisory.com\/amplify\/wp-json\/wp\/v2\/comments?post=7373"}],"version-history":[{"count":1,"href":"https:\/\/sandbox.hbmadvisory.com\/amplify\/wp-json\/wp\/v2\/posts\/7373\/revisions"}],"predecessor-version":[{"id":7375,"href":"https:\/\/sandbox.hbmadvisory.com\/amplify\/wp-json\/wp\/v2\/posts\/7373\/revisions\/7375"}],"wp:featuredmedia":[{"embeddable":true,"href":"https:\/\/sandbox.hbmadvisory.com\/amplify\/wp-json\/wp\/v2\/media\/7374"}],"wp:attachment":[{"href":"https:\/\/sandbox.hbmadvisory.com\/amplify\/wp-json\/wp\/v2\/media?parent=7373"}],"wp:term":[{"taxonomy":"category","embeddable":true,"href":"https:\/\/sandbox.hbmadvisory.com\/amplify\/wp-json\/wp\/v2\/categories?post=7373"},{"taxonomy":"post_tag","embeddable":true,"href":"https:\/\/sandbox.hbmadvisory.com\/amplify\/wp-json\/wp\/v2\/tags?post=7373"}],"curies":[{"name":"wp","href":"https:\/\/api.w.org\/{rel}","templated":true}]}}